{"id":12347,"date":"2021-03-03T17:47:47","date_gmt":"2021-03-03T22:47:47","guid":{"rendered":"https:\/\/instenalcocucuta.edu.co\/web\/?p=12347"},"modified":"2021-03-03T17:47:47","modified_gmt":"2021-03-03T22:47:47","slug":"invitacion-sagrada-eucaristia-viernes-5-de-marzo-de-2021-dia-de-la-mujer","status":"publish","type":"post","link":"https:\/\/instenalcocucuta.edu.co\/web\/invitacion-sagrada-eucaristia-viernes-5-de-marzo-de-2021-dia-de-la-mujer\/","title":{"rendered":"Invitaci\u00f3n Sagrada Eucarist\u00eda Viernes 5 de Marzo de 2021 &#8211; D\u00eda de la Mujer"},"content":{"rendered":"<p><a href=\"https:\/\/web.facebook.com\/parroquiasan.agustincucuta\">Acceder a la P\u00e1gina de Facebook de la Parroquia San Agust\u00edn<\/a><\/p>\n<p><img loading=\"lazy\" decoding=\"async\" class=\"aligncenter size-large wp-image-12348\" src=\"https:\/\/instenalcocucuta.edu.co\/web\/wp-content\/uploads\/2021\/03\/invitacion-eucaristia-1-1024x727.png\" alt=\"\" width=\"640\" height=\"454\" srcset=\"https:\/\/instenalcocucuta.edu.co\/web\/wp-content\/uploads\/2021\/03\/invitacion-eucaristia-1-1024x727.png 1024w, https:\/\/instenalcocucuta.edu.co\/web\/wp-content\/uploads\/2021\/03\/invitacion-eucaristia-1-300x213.png 300w, https:\/\/instenalcocucuta.edu.co\/web\/wp-content\/uploads\/2021\/03\/invitacion-eucaristia-1-768x545.png 768w, https:\/\/instenalcocucuta.edu.co\/web\/wp-content\/uploads\/2021\/03\/invitacion-eucaristia-1-1536x1090.png 1536w, https:\/\/instenalcocucuta.edu.co\/web\/wp-content\/uploads\/2021\/03\/invitacion-eucaristia-1.png 1747w\" sizes=\"auto, (max-width: 640px) 100vw, 640px\" \/><\/p>\n<p>&nbsp;<\/p>\n","protected":false},"excerpt":{"rendered":"<p>Acceder a la P\u00e1gina de Facebook de la Parroquia San Agust\u00edn &nbsp;<\/p>\n","protected":false},"author":2,"featured_media":0,"comment_status":"closed","ping_status":"closed","sticky":false,"template":"","format":"standard","meta":{"footnotes":""},"categories":[3467],"tags":[],"class_list":["post-12347","post","type-post","status-publish","format-standard","hentry","category-noticias"],"_links":{"self":[{"href":"https:\/\/instenalcocucuta.edu.co\/web\/wp-json\/wp\/v2\/posts\/12347","targetHints":{"allow":["GET"]}}],"collection":[{"href":"https:\/\/instenalcocucuta.edu.co\/web\/wp-json\/wp\/v2\/posts"}],"about":[{"href":"https:\/\/instenalcocucuta.edu.co\/web\/wp-json\/wp\/v2\/types\/post"}],"author":[{"embeddable":true,"href":"https:\/\/instenalcocucuta.edu.co\/web\/wp-json\/wp\/v2\/users\/2"}],"replies":[{"embeddable":true,"href":"https:\/\/instenalcocucuta.edu.co\/web\/wp-json\/wp\/v2\/comments?post=12347"}],"version-history":[{"count":1,"href":"https:\/\/instenalcocucuta.edu.co\/web\/wp-json\/wp\/v2\/posts\/12347\/revisions"}],"predecessor-version":[{"id":12349,"href":"https:\/\/instenalcocucuta.edu.co\/web\/wp-json\/wp\/v2\/posts\/12347\/revisions\/12349"}],"wp:attachment":[{"href":"https:\/\/instenalcocucuta.edu.co\/web\/wp-json\/wp\/v2\/media?parent=12347"}],"wp:term":[{"taxonomy":"category","embeddable":true,"href":"https:\/\/instenalcocucuta.edu.co\/web\/wp-json\/wp\/v2\/categories?post=12347"},{"taxonomy":"post_tag","embeddable":true,"href":"https:\/\/instenalcocucuta.edu.co\/web\/wp-json\/wp\/v2\/tags?post=12347"}],"curies":[{"name":"wp","href":"https:\/\/api.w.org\/{rel}","templated":true}]}}