{"id":12353,"date":"2021-03-04T17:07:00","date_gmt":"2021-03-04T22:07:00","guid":{"rendered":"https:\/\/instenalcocucuta.edu.co\/web\/?p=12353"},"modified":"2021-03-05T09:37:44","modified_gmt":"2021-03-05T14:37:44","slug":"comite-de-democracia-invita-a-participar-de-foro-candidatas-personeria-estudiantil","status":"publish","type":"post","link":"https:\/\/instenalcocucuta.edu.co\/web\/comite-de-democracia-invita-a-participar-de-foro-candidatas-personeria-estudiantil\/","title":{"rendered":"Comit\u00e9 de Democracia invita a participar en Foro Candidatas Personer\u00eda Estudiantil"},"content":{"rendered":"<p>El Comit\u00e9 de Democracia invita a nuestro estudiantes instenalquistas a participar de Foro Candidatas Personer\u00eda Estudiantil que se realizar\u00e1 el d\u00eda 11 de Marzo de 2021 \u00a1Te esperamos!<\/p>\n<p><img loading=\"lazy\" decoding=\"async\" class=\"aligncenter size-full wp-image-12354\" src=\"https:\/\/instenalcocucuta.edu.co\/web\/wp-content\/uploads\/2021\/03\/NForo.jpg\" alt=\"\" width=\"600\" height=\"600\" srcset=\"https:\/\/instenalcocucuta.edu.co\/web\/wp-content\/uploads\/2021\/03\/NForo.jpg 600w, https:\/\/instenalcocucuta.edu.co\/web\/wp-content\/uploads\/2021\/03\/NForo-300x300.jpg 300w, https:\/\/instenalcocucuta.edu.co\/web\/wp-content\/uploads\/2021\/03\/NForo-150x150.jpg 150w\" sizes=\"auto, (max-width: 600px) 100vw, 600px\" \/><\/p>\n","protected":false},"excerpt":{"rendered":"<p>El Comit\u00e9 de Democracia invita a nuestro estudiantes instenalquistas a participar de Foro Candidatas Personer\u00eda Estudiantil que se realizar\u00e1 el d\u00eda 11 de Marzo de 2021 \u00a1Te esperamos!<\/p>\n","protected":false},"author":2,"featured_media":0,"comment_status":"closed","ping_status":"closed","sticky":false,"template":"","format":"standard","meta":{"footnotes":""},"categories":[3467],"tags":[],"class_list":["post-12353","post","type-post","status-publish","format-standard","hentry","category-noticias"],"_links":{"self":[{"href":"https:\/\/instenalcocucuta.edu.co\/web\/wp-json\/wp\/v2\/posts\/12353","targetHints":{"allow":["GET"]}}],"collection":[{"href":"https:\/\/instenalcocucuta.edu.co\/web\/wp-json\/wp\/v2\/posts"}],"about":[{"href":"https:\/\/instenalcocucuta.edu.co\/web\/wp-json\/wp\/v2\/types\/post"}],"author":[{"embeddable":true,"href":"https:\/\/instenalcocucuta.edu.co\/web\/wp-json\/wp\/v2\/users\/2"}],"replies":[{"embeddable":true,"href":"https:\/\/instenalcocucuta.edu.co\/web\/wp-json\/wp\/v2\/comments?post=12353"}],"version-history":[{"count":2,"href":"https:\/\/instenalcocucuta.edu.co\/web\/wp-json\/wp\/v2\/posts\/12353\/revisions"}],"predecessor-version":[{"id":12356,"href":"https:\/\/instenalcocucuta.edu.co\/web\/wp-json\/wp\/v2\/posts\/12353\/revisions\/12356"}],"wp:attachment":[{"href":"https:\/\/instenalcocucuta.edu.co\/web\/wp-json\/wp\/v2\/media?parent=12353"}],"wp:term":[{"taxonomy":"category","embeddable":true,"href":"https:\/\/instenalcocucuta.edu.co\/web\/wp-json\/wp\/v2\/categories?post=12353"},{"taxonomy":"post_tag","embeddable":true,"href":"https:\/\/instenalcocucuta.edu.co\/web\/wp-json\/wp\/v2\/tags?post=12353"}],"curies":[{"name":"wp","href":"https:\/\/api.w.org\/{rel}","templated":true}]}}