{"id":12363,"date":"2021-03-07T20:36:19","date_gmt":"2021-03-08T01:36:19","guid":{"rendered":"https:\/\/instenalcocucuta.edu.co\/web\/?p=12363"},"modified":"2021-03-07T20:36:19","modified_gmt":"2021-03-08T01:36:19","slug":"hermoso-detalle-en-el-dia-de-la-mujer-de-nuestro-rector-zocimo-ramirez","status":"publish","type":"post","link":"https:\/\/instenalcocucuta.edu.co\/web\/hermoso-detalle-en-el-dia-de-la-mujer-de-nuestro-rector-zocimo-ramirez\/","title":{"rendered":"Hermoso detalle en el d\u00eda de la Mujer de nuestro Rector Z\u00f3cimo Ram\u00edrez"},"content":{"rendered":"<p>El se\u00f1or Rector Z\u00f3cimo Ram\u00edrez Mantilla desea un Feliz d\u00eda de la Mujer y env\u00eda un mensaje y serenata muy especial para todas ellas.<\/p>\n<p><img loading=\"lazy\" decoding=\"async\" class=\"aligncenter size-full wp-image-12364\" src=\"https:\/\/instenalcocucuta.edu.co\/web\/wp-content\/uploads\/2021\/03\/IMG-20210306-WA0002.jpg\" alt=\"\" width=\"1280\" height=\"908\" srcset=\"https:\/\/instenalcocucuta.edu.co\/web\/wp-content\/uploads\/2021\/03\/IMG-20210306-WA0002.jpg 1280w, https:\/\/instenalcocucuta.edu.co\/web\/wp-content\/uploads\/2021\/03\/IMG-20210306-WA0002-300x213.jpg 300w, https:\/\/instenalcocucuta.edu.co\/web\/wp-content\/uploads\/2021\/03\/IMG-20210306-WA0002-1024x726.jpg 1024w, https:\/\/instenalcocucuta.edu.co\/web\/wp-content\/uploads\/2021\/03\/IMG-20210306-WA0002-768x545.jpg 768w\" sizes=\"auto, (max-width: 1280px) 100vw, 1280px\" \/><\/p>\n<div style=\"width: 640px;\" class=\"wp-video\"><video class=\"wp-video-shortcode\" id=\"video-12363-1\" width=\"640\" height=\"352\" preload=\"metadata\" controls=\"controls\"><source type=\"video\/mp4\" src=\"https:\/\/instenalcocucuta.edu.co\/web\/wp-content\/uploads\/2021\/03\/VID-20210307-WA0008.mp4?_=1\" \/><a href=\"https:\/\/instenalcocucuta.edu.co\/web\/wp-content\/uploads\/2021\/03\/VID-20210307-WA0008.mp4\">https:\/\/instenalcocucuta.edu.co\/web\/wp-content\/uploads\/2021\/03\/VID-20210307-WA0008.mp4<\/a><\/video><\/div>\n<div style=\"width: 640px;\" class=\"wp-video\"><video class=\"wp-video-shortcode\" id=\"video-12363-2\" width=\"640\" height=\"352\" preload=\"metadata\" controls=\"controls\"><source type=\"video\/mp4\" src=\"https:\/\/instenalcocucuta.edu.co\/web\/wp-content\/uploads\/2021\/03\/VID-20210307-WA0007.mp4?_=2\" \/><a href=\"https:\/\/instenalcocucuta.edu.co\/web\/wp-content\/uploads\/2021\/03\/VID-20210307-WA0007.mp4\">https:\/\/instenalcocucuta.edu.co\/web\/wp-content\/uploads\/2021\/03\/VID-20210307-WA0007.mp4<\/a><\/video><\/div>\n","protected":false},"excerpt":{"rendered":"<p>El se\u00f1or Rector Z\u00f3cimo Ram\u00edrez Mantilla desea un Feliz d\u00eda de la Mujer y env\u00eda un mensaje y serenata muy especial para todas ellas.<\/p>\n","protected":false},"author":2,"featured_media":0,"comment_status":"closed","ping_status":"closed","sticky":false,"template":"","format":"standard","meta":{"footnotes":""},"categories":[3467],"tags":[],"class_list":["post-12363","post","type-post","status-publish","format-standard","hentry","category-noticias"],"_links":{"self":[{"href":"https:\/\/instenalcocucuta.edu.co\/web\/wp-json\/wp\/v2\/posts\/12363","targetHints":{"allow":["GET"]}}],"collection":[{"href":"https:\/\/instenalcocucuta.edu.co\/web\/wp-json\/wp\/v2\/posts"}],"about":[{"href":"https:\/\/instenalcocucuta.edu.co\/web\/wp-json\/wp\/v2\/types\/post"}],"author":[{"embeddable":true,"href":"https:\/\/instenalcocucuta.edu.co\/web\/wp-json\/wp\/v2\/users\/2"}],"replies":[{"embeddable":true,"href":"https:\/\/instenalcocucuta.edu.co\/web\/wp-json\/wp\/v2\/comments?post=12363"}],"version-history":[{"count":1,"href":"https:\/\/instenalcocucuta.edu.co\/web\/wp-json\/wp\/v2\/posts\/12363\/revisions"}],"predecessor-version":[{"id":12367,"href":"https:\/\/instenalcocucuta.edu.co\/web\/wp-json\/wp\/v2\/posts\/12363\/revisions\/12367"}],"wp:attachment":[{"href":"https:\/\/instenalcocucuta.edu.co\/web\/wp-json\/wp\/v2\/media?parent=12363"}],"wp:term":[{"taxonomy":"category","embeddable":true,"href":"https:\/\/instenalcocucuta.edu.co\/web\/wp-json\/wp\/v2\/categories?post=12363"},{"taxonomy":"post_tag","embeddable":true,"href":"https:\/\/instenalcocucuta.edu.co\/web\/wp-json\/wp\/v2\/tags?post=12363"}],"curies":[{"name":"wp","href":"https:\/\/api.w.org\/{rel}","templated":true}]}}