{"id":12380,"date":"2021-03-17T19:24:23","date_gmt":"2021-03-18T00:24:23","guid":{"rendered":"https:\/\/instenalcocucuta.edu.co\/web\/?p=12380"},"modified":"2021-03-17T19:24:23","modified_gmt":"2021-03-18T00:24:23","slug":"colegio-abierto-primer-periodo-jueves-18-de-marzo-de-2021","status":"publish","type":"post","link":"https:\/\/instenalcocucuta.edu.co\/web\/colegio-abierto-primer-periodo-jueves-18-de-marzo-de-2021\/","title":{"rendered":"Colegio Abierto Primer Per\u00edodo : Jueves 18 de Marzo de 2021"},"content":{"rendered":"<p>El d\u00eda Jueves 18 de Marzo se realizar\u00e1 Colegio Abierto\u00a0 Primer Per\u00edodo a trav\u00e9s de nuestra plataformas acad\u00e9micas institucionales Ovy y Microsoft\u00a0 Teams.<\/p>\n<p>Se invita a todos los padres de familia estar atentos a las indicaciones dadas para llevar a cabo este encuentro\u00a0 en cada Sede y Jornada.<\/p>\n<p><img loading=\"lazy\" decoding=\"async\" class=\"aligncenter size-full wp-image-12381\" src=\"https:\/\/instenalcocucuta.edu.co\/web\/wp-content\/uploads\/2021\/03\/20210309_093906.jpg\" alt=\"\" width=\"916\" height=\"653\" srcset=\"https:\/\/instenalcocucuta.edu.co\/web\/wp-content\/uploads\/2021\/03\/20210309_093906.jpg 916w, https:\/\/instenalcocucuta.edu.co\/web\/wp-content\/uploads\/2021\/03\/20210309_093906-300x214.jpg 300w, https:\/\/instenalcocucuta.edu.co\/web\/wp-content\/uploads\/2021\/03\/20210309_093906-768x547.jpg 768w\" sizes=\"auto, (max-width: 916px) 100vw, 916px\" \/><\/p>\n","protected":false},"excerpt":{"rendered":"<p>El d\u00eda Jueves 18 de Marzo se realizar\u00e1 Colegio Abierto\u00a0 Primer Per\u00edodo a trav\u00e9s de nuestra plataformas acad\u00e9micas institucionales Ovy y Microsoft\u00a0 Teams. Se invita a todos los padres de familia estar atentos a las indicaciones dadas para llevar a &hellip; <\/p>\n","protected":false},"author":2,"featured_media":0,"comment_status":"closed","ping_status":"closed","sticky":false,"template":"","format":"standard","meta":{"footnotes":""},"categories":[3467],"tags":[],"class_list":["post-12380","post","type-post","status-publish","format-standard","hentry","category-noticias"],"_links":{"self":[{"href":"https:\/\/instenalcocucuta.edu.co\/web\/wp-json\/wp\/v2\/posts\/12380","targetHints":{"allow":["GET"]}}],"collection":[{"href":"https:\/\/instenalcocucuta.edu.co\/web\/wp-json\/wp\/v2\/posts"}],"about":[{"href":"https:\/\/instenalcocucuta.edu.co\/web\/wp-json\/wp\/v2\/types\/post"}],"author":[{"embeddable":true,"href":"https:\/\/instenalcocucuta.edu.co\/web\/wp-json\/wp\/v2\/users\/2"}],"replies":[{"embeddable":true,"href":"https:\/\/instenalcocucuta.edu.co\/web\/wp-json\/wp\/v2\/comments?post=12380"}],"version-history":[{"count":1,"href":"https:\/\/instenalcocucuta.edu.co\/web\/wp-json\/wp\/v2\/posts\/12380\/revisions"}],"predecessor-version":[{"id":12382,"href":"https:\/\/instenalcocucuta.edu.co\/web\/wp-json\/wp\/v2\/posts\/12380\/revisions\/12382"}],"wp:attachment":[{"href":"https:\/\/instenalcocucuta.edu.co\/web\/wp-json\/wp\/v2\/media?parent=12380"}],"wp:term":[{"taxonomy":"category","embeddable":true,"href":"https:\/\/instenalcocucuta.edu.co\/web\/wp-json\/wp\/v2\/categories?post=12380"},{"taxonomy":"post_tag","embeddable":true,"href":"https:\/\/instenalcocucuta.edu.co\/web\/wp-json\/wp\/v2\/tags?post=12380"}],"curies":[{"name":"wp","href":"https:\/\/api.w.org\/{rel}","templated":true}]}}