{"id":13300,"date":"2023-10-21T10:20:55","date_gmt":"2023-10-21T15:20:55","guid":{"rendered":"https:\/\/instenalcocucuta.edu.co\/web\/?p=13300"},"modified":"2023-10-21T10:20:55","modified_gmt":"2023-10-21T15:20:55","slug":"felicidades-a-nuestra-coordinadora-alix-belen-montanez-por-su-reconocimiento-de-la-sem","status":"publish","type":"post","link":"https:\/\/instenalcocucuta.edu.co\/web\/felicidades-a-nuestra-coordinadora-alix-belen-montanez-por-su-reconocimiento-de-la-sem\/","title":{"rendered":"Felicidades a nuestra coordinadora Alix Bel\u00e9n Monta\u00f1ez por su reconocimiento de la SEM"},"content":{"rendered":"<p>\ud83d\udd30Felicidades a nuestra coordinadora de la sede B Jornada Ma\u00f1ana Alix Belen Monta\u00f1ez R por su reconocimiento como directivo docente por parte de la Secretaria de Educaci\u00f3n Municipal. Deseamos muchos \u00e9xitos m\u00e1s.<br \/>\n#OrgullosamenteInstenalquista<\/p>\n<p><img loading=\"lazy\" decoding=\"async\" class=\"aligncenter size-full wp-image-13301\" src=\"https:\/\/instenalcocucuta.edu.co\/web\/wp-content\/uploads\/2023\/10\/FB_IMG_1697901484601.jpg\" alt=\"\" width=\"1024\" height=\"768\" srcset=\"https:\/\/instenalcocucuta.edu.co\/web\/wp-content\/uploads\/2023\/10\/FB_IMG_1697901484601.jpg 1024w, https:\/\/instenalcocucuta.edu.co\/web\/wp-content\/uploads\/2023\/10\/FB_IMG_1697901484601-300x225.jpg 300w, https:\/\/instenalcocucuta.edu.co\/web\/wp-content\/uploads\/2023\/10\/FB_IMG_1697901484601-768x576.jpg 768w\" sizes=\"auto, (max-width: 1024px) 100vw, 1024px\" \/><\/p>\n<p><img loading=\"lazy\" decoding=\"async\" class=\"aligncenter size-large wp-image-13302\" src=\"https:\/\/instenalcocucuta.edu.co\/web\/wp-content\/uploads\/2023\/10\/FB_IMG_1697901481124-768x1024.jpg\" alt=\"\" width=\"640\" height=\"853\" srcset=\"https:\/\/instenalcocucuta.edu.co\/web\/wp-content\/uploads\/2023\/10\/FB_IMG_1697901481124-768x1024.jpg 768w, https:\/\/instenalcocucuta.edu.co\/web\/wp-content\/uploads\/2023\/10\/FB_IMG_1697901481124-225x300.jpg 225w, https:\/\/instenalcocucuta.edu.co\/web\/wp-content\/uploads\/2023\/10\/FB_IMG_1697901481124.jpg 1080w\" sizes=\"auto, (max-width: 640px) 100vw, 640px\" \/><\/p>\n","protected":false},"excerpt":{"rendered":"<p>\ud83d\udd30Felicidades a nuestra coordinadora de la sede B Jornada Ma\u00f1ana Alix Belen Monta\u00f1ez R por su reconocimiento como directivo docente por parte de la Secretaria de Educaci\u00f3n Municipal. Deseamos muchos \u00e9xitos m\u00e1s. #OrgullosamenteInstenalquista<\/p>\n","protected":false},"author":2,"featured_media":0,"comment_status":"closed","ping_status":"closed","sticky":false,"template":"","format":"standard","meta":{"footnotes":""},"categories":[3467],"tags":[],"class_list":["post-13300","post","type-post","status-publish","format-standard","hentry","category-noticias"],"_links":{"self":[{"href":"https:\/\/instenalcocucuta.edu.co\/web\/wp-json\/wp\/v2\/posts\/13300","targetHints":{"allow":["GET"]}}],"collection":[{"href":"https:\/\/instenalcocucuta.edu.co\/web\/wp-json\/wp\/v2\/posts"}],"about":[{"href":"https:\/\/instenalcocucuta.edu.co\/web\/wp-json\/wp\/v2\/types\/post"}],"author":[{"embeddable":true,"href":"https:\/\/instenalcocucuta.edu.co\/web\/wp-json\/wp\/v2\/users\/2"}],"replies":[{"embeddable":true,"href":"https:\/\/instenalcocucuta.edu.co\/web\/wp-json\/wp\/v2\/comments?post=13300"}],"version-history":[{"count":1,"href":"https:\/\/instenalcocucuta.edu.co\/web\/wp-json\/wp\/v2\/posts\/13300\/revisions"}],"predecessor-version":[{"id":13303,"href":"https:\/\/instenalcocucuta.edu.co\/web\/wp-json\/wp\/v2\/posts\/13300\/revisions\/13303"}],"wp:attachment":[{"href":"https:\/\/instenalcocucuta.edu.co\/web\/wp-json\/wp\/v2\/media?parent=13300"}],"wp:term":[{"taxonomy":"category","embeddable":true,"href":"https:\/\/instenalcocucuta.edu.co\/web\/wp-json\/wp\/v2\/categories?post=13300"},{"taxonomy":"post_tag","embeddable":true,"href":"https:\/\/instenalcocucuta.edu.co\/web\/wp-json\/wp\/v2\/tags?post=13300"}],"curies":[{"name":"wp","href":"https:\/\/api.w.org\/{rel}","templated":true}]}}