{"id":13304,"date":"2023-10-21T10:23:54","date_gmt":"2023-10-21T15:23:54","guid":{"rendered":"https:\/\/instenalcocucuta.edu.co\/web\/?p=13304"},"modified":"2023-10-21T10:23:54","modified_gmt":"2023-10-21T15:23:54","slug":"bimestrales-cuarto-periodo-sede-a-2","status":"publish","type":"post","link":"https:\/\/instenalcocucuta.edu.co\/web\/bimestrales-cuarto-periodo-sede-a-2\/","title":{"rendered":"Bimestrales Cuarto Per\u00edodo Sede A"},"content":{"rendered":"<p>El martes 24 de octubre se inician bimestrales cuarto per\u00edodo. Deseamos \u00e9xito\u00a0 nuestros estudiantes<\/p>\n<p>Sede A Jornada Ma\u00f1ana<\/p>\n<p style=\"text-align: right;\"><img loading=\"lazy\" decoding=\"async\" class=\"aligncenter size-full wp-image-13305\" src=\"https:\/\/instenalcocucuta.edu.co\/web\/wp-content\/uploads\/2023\/10\/FB_IMG_1697900928462.jpg\" alt=\"\" width=\"720\" height=\"550\" srcset=\"https:\/\/instenalcocucuta.edu.co\/web\/wp-content\/uploads\/2023\/10\/FB_IMG_1697900928462.jpg 720w, https:\/\/instenalcocucuta.edu.co\/web\/wp-content\/uploads\/2023\/10\/FB_IMG_1697900928462-300x229.jpg 300w\" sizes=\"auto, (max-width: 720px) 100vw, 720px\" \/><\/p>\n<p>Sede A Jornada Tarde<\/p>\n<p><img loading=\"lazy\" decoding=\"async\" class=\"aligncenter size-large wp-image-13306\" src=\"https:\/\/instenalcocucuta.edu.co\/web\/wp-content\/uploads\/2023\/10\/Screenshot_20231021_101016_Word-1024x802.jpg\" alt=\"\" width=\"640\" height=\"501\" srcset=\"https:\/\/instenalcocucuta.edu.co\/web\/wp-content\/uploads\/2023\/10\/Screenshot_20231021_101016_Word-1024x802.jpg 1024w, https:\/\/instenalcocucuta.edu.co\/web\/wp-content\/uploads\/2023\/10\/Screenshot_20231021_101016_Word-300x235.jpg 300w, https:\/\/instenalcocucuta.edu.co\/web\/wp-content\/uploads\/2023\/10\/Screenshot_20231021_101016_Word-768x602.jpg 768w, https:\/\/instenalcocucuta.edu.co\/web\/wp-content\/uploads\/2023\/10\/Screenshot_20231021_101016_Word.jpg 1080w\" sizes=\"auto, (max-width: 640px) 100vw, 640px\" \/><\/p>\n","protected":false},"excerpt":{"rendered":"<p>El martes 24 de octubre se inician bimestrales cuarto per\u00edodo. Deseamos \u00e9xito\u00a0 nuestros estudiantes Sede A Jornada Ma\u00f1ana Sede A Jornada Tarde<\/p>\n","protected":false},"author":2,"featured_media":0,"comment_status":"closed","ping_status":"closed","sticky":false,"template":"","format":"standard","meta":{"footnotes":""},"categories":[1],"tags":[],"class_list":["post-13304","post","type-post","status-publish","format-standard","hentry","category-sin-categoria"],"_links":{"self":[{"href":"https:\/\/instenalcocucuta.edu.co\/web\/wp-json\/wp\/v2\/posts\/13304","targetHints":{"allow":["GET"]}}],"collection":[{"href":"https:\/\/instenalcocucuta.edu.co\/web\/wp-json\/wp\/v2\/posts"}],"about":[{"href":"https:\/\/instenalcocucuta.edu.co\/web\/wp-json\/wp\/v2\/types\/post"}],"author":[{"embeddable":true,"href":"https:\/\/instenalcocucuta.edu.co\/web\/wp-json\/wp\/v2\/users\/2"}],"replies":[{"embeddable":true,"href":"https:\/\/instenalcocucuta.edu.co\/web\/wp-json\/wp\/v2\/comments?post=13304"}],"version-history":[{"count":1,"href":"https:\/\/instenalcocucuta.edu.co\/web\/wp-json\/wp\/v2\/posts\/13304\/revisions"}],"predecessor-version":[{"id":13307,"href":"https:\/\/instenalcocucuta.edu.co\/web\/wp-json\/wp\/v2\/posts\/13304\/revisions\/13307"}],"wp:attachment":[{"href":"https:\/\/instenalcocucuta.edu.co\/web\/wp-json\/wp\/v2\/media?parent=13304"}],"wp:term":[{"taxonomy":"category","embeddable":true,"href":"https:\/\/instenalcocucuta.edu.co\/web\/wp-json\/wp\/v2\/categories?post=13304"},{"taxonomy":"post_tag","embeddable":true,"href":"https:\/\/instenalcocucuta.edu.co\/web\/wp-json\/wp\/v2\/tags?post=13304"}],"curies":[{"name":"wp","href":"https:\/\/api.w.org\/{rel}","templated":true}]}}